{"id":95,"date":"2026-08-28T12:33:04","date_gmt":"2026-08-28T12:33:04","guid":{"rendered":"https:\/\/busrauzehan.com\/blog\/?p=95"},"modified":"2026-08-28T12:46:01","modified_gmt":"2026-08-28T12:46:01","slug":"kutsal-pazartesinin-sessiz-koridoru-kapilar-mi-aciliyor-yeni-bir-statuko-mu","status":"publish","type":"post","link":"https:\/\/busrauzehan.com\/blog\/kutsal-pazartesinin-sessiz-koridoru-kapilar-mi-aciliyor-yeni-bir-statuko-mu\/","title":{"rendered":"Kutsal Pazartesi\u2019nin sessiz koridoru: Kap\u0131lar m\u0131 a\u00e7\u0131l\u0131yor, yeni bir stat\u00fcko mu?"},"content":{"rendered":"\n<p>D\u00fcn (6 Nisan 2026) Lefko\u015fa\u2019n\u0131n ara b\u00f6lgesinde saatler 16.30\u2019u g\u00f6sterdi\u011finde, K\u0131br\u0131s bir kez daha kameralardan uzak, sessiz ama zehirli bir temasa sahne oldu. Rum taraf\u0131 \u201cKutsal Pazartesi\u201dnin dinsel s\u00fck\u00fbnetine \u00e7ekilirken, T\u00fcrk taraf\u0131 sokaklarda y\u00fckselen genel grevin ve ekonomik yang\u0131n\u0131n bask\u0131s\u0131yla masaya oturdu.<\/p>\n\n\n\n<p>G\u00f6r\u00fcn\u00fcrdeki g\u00fcndem Haspolat kap\u0131s\u0131 ya da teknik engellerdi. Ancak art\u0131k hepimizin ezberledi\u011fi o &#8220;m\u00fczakere edelim, kap\u0131 a\u00e7al\u0131m&#8221; nakarat\u0131n\u0131n \u00f6tesine ge\u00e7me vakti geldi. K\u0131br\u0131s\u2019ta mesele hi\u00e7bir zaman a\u00e7\u0131kland\u0131\u011f\u0131 kadar masum de\u011fildir.<\/p>\n\n\n\n<p>D\u00fcn masada konu\u015fulan, ge\u00e7i\u015f kap\u0131lar\u0131n\u0131n konforu de\u011fil; Rum taraf\u0131n\u0131n y\u0131llard\u0131r ilmek ilmek i\u015fledi\u011fi \u201casimetrik ekonomik ku\u015fatma\u201d stratejisidir. Kimse kendini kand\u0131rmas\u0131n; Rum y\u00f6netimi bir \u00e7\u00f6z\u00fcm aram\u0131yor; onlar \u201c\u00e7\u00f6z\u00fcms\u00fczl\u00fc\u011f\u00fc y\u00f6neterek zafer kazanmay\u0131\u201d planl\u0131yor. Kuzey\u2019deki ekonomik s\u0131k\u0131\u015fm\u0131\u015fl\u0131\u011f\u0131 bir f\u0131rsat penceresi olarak g\u00f6ren Hristodulidis y\u00f6netimi, masadaki &#8220;teknik i\u015f birli\u011fi&#8221; maskesinin ard\u0131nda, asl\u0131nda K\u0131br\u0131s T\u00fcrk halk\u0131n\u0131n T\u00fcrkiye ile olan yap\u0131sal ba\u011flar\u0131n\u0131 gev\u015fetmeyi hedefliyor.<\/p>\n\n\n\n<p>Rum liderli\u011finin en \u00fcst perdeden dile getirdi\u011fi &#8220;T\u00fcrkiye\u2019nin adadaki varl\u0131\u011f\u0131n\u0131 sona erdirme&#8221; \u00fclk\u00fcs\u00fc, ara b\u00f6lgedeki nezaket c\u00fcmleleriyle \u00e7eli\u015fmiyor; aksine birbirini tamaml\u0131yor. Onlar i\u00e7in a\u00e7\u0131lan her yeni kap\u0131, T\u00fcrk taraf\u0131n\u0131 refah vaadiyle kendine ba\u011flamak, K\u0131br\u0131s T\u00fcrk ekonomisini Ankara ekseninden kopar\u0131p Br\u00fcksel ve Atina uydulu\u011funa mahk\u00fbm etmek i\u00e7in tasarlanm\u0131\u015f birer hamledir. Bu, T\u00fcrk taraf\u0131n\u0131n siyasi e\u015fitlik ve egemenlik tezlerini ekonomik ba\u011f\u0131ml\u0131l\u0131kla i\u00e7eriden \u00e7\u00fcr\u00fctme operasyonudur.<\/p>\n\n\n\n<p>Y\u0131llard\u0131r ayn\u0131 d\u00f6ng\u00fcn\u00fcn i\u00e7indeyiz: Mitingler yap\u0131l\u0131r, hamasi nutuklar at\u0131l\u0131r, sonra masaya oturulur. Ama art\u0131k g\u00f6rmeliyiz ki; m\u00fczakere masas\u0131 bir bar\u0131\u015f aray\u0131\u015f\u0131 de\u011fil, Rum taraf\u0131n\u0131n T\u00fcrk taraf\u0131n\u0131 &#8220;tan\u0131nmadan ama ba\u011f\u0131ml\u0131 k\u0131larak&#8221; eritme sahas\u0131d\u0131r. Guterres\u2019in sundu\u011fu \u00e7er\u00e7eve ise bu sessiz stratejinin diplomatik k\u0131l\u0131f\u0131d\u0131r. Nitekim BM\u2019den gelen &#8220;olumlu atmosfer&#8221; ve &#8220;verimli isti\u015fare&#8221; a\u00e7\u0131klamalar\u0131, tam da bu k\u0131l\u0131f\u0131n g\u00fcncel bir yans\u0131mas\u0131d\u0131r.<\/p>\n\n\n\n<p>Gazete man\u015fetlerinde yine \u201cSomut sonu\u00e7 \u00e7\u0131kmad\u0131\u201d denilecek. Oysa o kapal\u0131 odalarda, hi\u00e7bir resmi a\u00e7\u0131klamaya s\u0131\u011fmayacak kadar b\u00fcy\u00fck bir asimetrik sava\u015f y\u00fcr\u00fct\u00fcl\u00fcyor. K\u0131br\u0131s\u2019ta bazen en b\u00fcy\u00fck de\u011fi\u015fimler, bar\u0131\u015f naralar\u0131yla de\u011fil; ekonomik mecburiyetlerin yaratt\u0131\u011f\u0131 o hesapl\u0131 sessizlikle ba\u015flar. Kutsal Pazartesi\u2019nin s\u00fck\u00fbneti, asl\u0131nda f\u0131rt\u0131na \u00f6ncesi sessizli\u011fin ta kendisidir.<\/p>\n\n\n\n<p><\/p>\n","protected":false},"excerpt":{"rendered":"<p>D\u00fcn (6 Nisan 2026) Lefko\u015fa\u2019n\u0131n ara b\u00f6lgesinde saatler 16.30\u2019u g\u00f6sterdi\u011finde, K\u0131br\u0131s bir kez daha kameralardan uzak, sessiz ama zehirli bir temasa sahne oldu. Rum taraf\u0131 \u201cKutsal Pazartesi\u201dnin dinsel s\u00fck\u00fbnetine \u00e7ekilirken, T\u00fcrk taraf\u0131 sokaklarda y\u00fckselen genel grevin ve ekonomik yang\u0131n\u0131n bask\u0131s\u0131yla masaya oturdu. G\u00f6r\u00fcn\u00fcrdeki g\u00fcndem Haspolat kap\u0131s\u0131 ya da teknik engellerdi. Ancak art\u0131k hepimizin ezberledi\u011fi o [&hellip;]<\/p>\n","protected":false},"author":1,"featured_media":99,"comment_status":"open","ping_status":"open","sticky":false,"template":"","format":"standard","meta":{"footnotes":""},"categories":[1],"tags":[],"class_list":["post-95","post","type-post","status-publish","format-standard","has-post-thumbnail","hentry","category-blog"],"blocksy_meta":[],"_links":{"self":[{"href":"https:\/\/busrauzehan.com\/blog\/wp-json\/wp\/v2\/posts\/95","targetHints":{"allow":["GET"]}}],"collection":[{"href":"https:\/\/busrauzehan.com\/blog\/wp-json\/wp\/v2\/posts"}],"about":[{"href":"https:\/\/busrauzehan.com\/blog\/wp-json\/wp\/v2\/types\/post"}],"author":[{"embeddable":true,"href":"https:\/\/busrauzehan.com\/blog\/wp-json\/wp\/v2\/users\/1"}],"replies":[{"embeddable":true,"href":"https:\/\/busrauzehan.com\/blog\/wp-json\/wp\/v2\/comments?post=95"}],"version-history":[{"count":1,"href":"https:\/\/busrauzehan.com\/blog\/wp-json\/wp\/v2\/posts\/95\/revisions"}],"predecessor-version":[{"id":96,"href":"https:\/\/busrauzehan.com\/blog\/wp-json\/wp\/v2\/posts\/95\/revisions\/96"}],"wp:featuredmedia":[{"embeddable":true,"href":"https:\/\/busrauzehan.com\/blog\/wp-json\/wp\/v2\/media\/99"}],"wp:attachment":[{"href":"https:\/\/busrauzehan.com\/blog\/wp-json\/wp\/v2\/media?parent=95"}],"wp:term":[{"taxonomy":"category","embeddable":true,"href":"https:\/\/busrauzehan.com\/blog\/wp-json\/wp\/v2\/categories?post=95"},{"taxonomy":"post_tag","embeddable":true,"href":"https:\/\/busrauzehan.com\/blog\/wp-json\/wp\/v2\/tags?post=95"}],"curies":[{"name":"wp","href":"https:\/\/api.w.org\/{rel}","templated":true}]}}