{"id":125,"date":"2026-08-28T13:23:37","date_gmt":"2026-08-28T13:23:37","guid":{"rendered":"https:\/\/busrauzehan.com\/blog\/?p=125"},"modified":"2026-08-28T13:24:03","modified_gmt":"2026-08-28T13:24:03","slug":"devlet-akli-vizyoner-liderlik-ve-kibrista-gercekci-cozum-zemini","status":"publish","type":"post","link":"https:\/\/busrauzehan.com\/blog\/devlet-akli-vizyoner-liderlik-ve-kibrista-gercekci-cozum-zemini\/","title":{"rendered":"DEVLET AKLI, V\u0130ZYONER L\u0130DERL\u0130K VE KIBRIS\u2019TA GER\u00c7EK\u00c7\u0130 \u00c7\u00d6Z\u00dcM ZEM\u0130N\u0130"},"content":{"rendered":"\n<p>KKTC D\u0131\u015fi\u015fleri Bakan\u0131 Say\u0131n Tahsin Ertu\u011frulo\u011flu ile ger\u00e7ekle\u015ftirdi\u011fimiz son derece k\u0131ymetli ve samimi g\u00f6r\u00fc\u015fme, K\u0131br\u0131s meselesinde adadaki stratejik tabloyu ve gelece\u011fe d\u00f6n\u00fck vizyonumuzu bir kez daha net bir \u015fekilde ortaya koydu. Y\u00fcz y\u00fcze yapt\u0131\u011f\u0131m\u0131z bu isti\u015farede, adadaki milli davan\u0131n ve diplomasinin merkezindeki isim olan Say\u0131n Bakan ile adan\u0131n gelece\u011fini ve \u00e7\u00f6z\u00fcm parametrelerini detaylar\u0131yla de\u011ferlendirme f\u0131rsat\u0131 bulduk.<\/p>\n\n\n\n<p>G\u00f6r\u00fc\u015fmemizde Say\u0131n Bakan\u2019\u0131n da kararl\u0131l\u0131kla vurgulad\u0131\u011f\u0131 \u00fczere; bug\u00fcn adadaki mevcut durumu do\u011fru okumak son derece hayati. Bas\u0131na yans\u0131yan son geli\u015fmeler, Rum y\u00f6netiminin zaman kazanma taktiklerini tescilledi. Rum lider Hristodulidis, bir yandan masaya yap\u0131c\u0131 bir diplomasi zemini sunmaktan ka\u00e7\u0131n\u0131p diyalog giri\u015fimlerini yan\u0131ts\u0131z b\u0131rak\u0131rken, di\u011fer yandan m\u00fclkiyet meseleleri \u00fczerinden \u201c\u0130stedik mi tutuklama yapar\u0131z\u201d diyerek bir tehdit dili kullan\u0131yor ve g\u00f6r\u00fc\u015fme taleplerini erteliyor. &#8220;S\u00f6z \u00e7ok, icraat yok&#8221; anlay\u0131\u015f\u0131yla diyalog zeminini zorla\u015ft\u0131ran bu yakla\u015f\u0131m, Rum taraf\u0131n\u0131n diplomasiyi bir \u00e7\u00f6z\u00fcm de\u011fil, bask\u0131 arac\u0131 olarak g\u00f6rd\u00fc\u011f\u00fcn\u00fcn a\u00e7\u0131k bir kan\u0131t\u0131d\u0131r.<\/p>\n\n\n\n<p>Rum taraf\u0131n\u0131n bu samimiyetsiz ve zaman kazanmaya d\u00f6n\u00fck tutumu, Birle\u015fmi\u015f Milletler nezdinde de art\u0131k net bir \u015fekilde g\u00f6r\u00fclmektedir. BM Temsilcisi Say\u0131n Holgu\u00edn\u2019in \u201cYeni bir 5+1 toplant\u0131s\u0131n\u0131n ba\u015far\u0131s\u0131zl\u0131kla sonu\u00e7lanmas\u0131 riskini art\u0131k g\u00f6ze alamay\u0131z\u201d tespiti, BM\u2019nin dahi ucu a\u00e7\u0131k ve takvimi belirlenmemi\u015f g\u00f6r\u00fc\u015fmelerin bir sonu\u00e7 vermeyece\u011fini kabul etti\u011fini g\u00f6steriyor. Taraflar\u0131n e\u015fitli\u011fini esas almayan hi\u00e7bir masan\u0131n kurulma \u015fans\u0131 yoktur.<\/p>\n\n\n\n<p>Say\u0131n Ertu\u011frulo\u011flu ile bizzat yapt\u0131\u011f\u0131m\u0131z de\u011ferlendirmenin en temel noktas\u0131 da tam olarak buras\u0131d\u0131r: Ortadaki durum a\u00e7\u0131k\u00e7a g\u00f6steriyor ki, adadaki T\u00fcrk varl\u0131\u011f\u0131n\u0131 az\u0131nl\u0131k konumuna d\u00fc\u015f\u00fcrmeyi hedefleyen \u201cfederasyon\u201d tezlerinin bir \u00e7\u00f6z\u00fcm getirmeyece\u011fi ortadad\u0131r. Y\u0131llard\u0131r denenmi\u015f ve Rum taraf\u0131n\u0131n tutumu y\u00fcz\u00fcnden her defas\u0131nda t\u0131kanm\u0131\u015f olan federasyon modelleriyle zaman kaybetme d\u00f6nemi kapanm\u0131\u015ft\u0131r. Adada adil ve kal\u0131c\u0131 bir bar\u0131\u015f\u0131n tek yolu; K\u0131br\u0131s T\u00fcrk\u00fcn\u00fcn egemen e\u015fitli\u011finin ve e\u015fit uluslararas\u0131 stat\u00fcs\u00fcn\u00fcn kabul edildi\u011fi iki devletli vizyondur.<\/p>\n\n\n\n<p>Say\u0131n Tahsin Ertu\u011frulo\u011flu, diplomatik duru\u015funun yan\u0131 s\u0131ra devlet adaml\u0131\u011f\u0131 sorumlulu\u011funu insani yakla\u015f\u0131mlar\u0131yla birle\u015ftiren son derece de\u011ferli bir isim. Makam\u0131n\u0131n a\u011f\u0131rl\u0131\u011f\u0131n\u0131, davaya olan sars\u0131lmaz inanc\u0131n\u0131 ve halk\u0131na olan samimi ba\u011f\u0131n\u0131 her an hissettiren Say\u0131n Bakan; akademik \u00e7al\u0131\u015fmalar\u0131m\u0131z\u0131 ve yaz\u0131lar\u0131m\u0131z\u0131 da yak\u0131ndan takip ederek bizleri onurland\u0131rm\u0131\u015ft\u0131r. Kendisinin bu vizyoner yakla\u015f\u0131m\u0131, diplomasi masas\u0131nda K\u0131br\u0131s T\u00fcrk\u00fcn\u00fcn en g\u00fc\u00e7l\u00fc dayanaklar\u0131ndan biridir.<\/p>\n\n\n\n<p>Bu kararl\u0131 duru\u015fun arkas\u0131ndaki en b\u00fcy\u00fck g\u00fc\u00e7 ise Anavatan T\u00fcrkiye Cumhuriyeti\u2019dir. D\u0131\u015fi\u015fleri Bakan\u0131m\u0131z Say\u0131n Hakan Fidan\u2019\u0131n da vurgulad\u0131\u011f\u0131 gibi; T\u00fcrkiye, K\u0131br\u0131s T\u00fcrk\u00fcn\u00fcn egemenli\u011fini ve adadaki haklar\u0131n\u0131 hi\u00e7bir d\u0131\u015f politika konusuyla pazarl\u0131k etmeyecek net bir devlet akl\u0131na sahiptir. Anavatan\u2019\u0131n garant\u00f6rl\u00fc\u011f\u00fc ile KKTC\u2019nin kararl\u0131 duru\u015fu birle\u015fti\u011finde, zaman kazanmaya d\u00f6n\u00fck hi\u00e7bir hamlenin ba\u015far\u0131ya ula\u015fma \u015fans\u0131 yoktur.<\/p>\n\n\n\n<p>K\u0131br\u0131s\u2019ta oyalanma d\u00f6nemi geride kalm\u0131\u015ft\u0131r. Ger\u00e7eklerin, milli duru\u015fun ve egemen iki devletli gelece\u011fin izinde bu davay\u0131 savunmaya devam edece\u011fiz.<\/p>\n","protected":false},"excerpt":{"rendered":"<p>KKTC D\u0131\u015fi\u015fleri Bakan\u0131 Say\u0131n Tahsin Ertu\u011frulo\u011flu ile ger\u00e7ekle\u015ftirdi\u011fimiz son derece k\u0131ymetli ve samimi g\u00f6r\u00fc\u015fme, K\u0131br\u0131s meselesinde adadaki stratejik tabloyu ve gelece\u011fe d\u00f6n\u00fck vizyonumuzu bir kez daha net bir \u015fekilde ortaya koydu. Y\u00fcz y\u00fcze yapt\u0131\u011f\u0131m\u0131z bu isti\u015farede, adadaki milli davan\u0131n ve diplomasinin merkezindeki isim olan Say\u0131n Bakan ile adan\u0131n gelece\u011fini ve \u00e7\u00f6z\u00fcm parametrelerini detaylar\u0131yla de\u011ferlendirme f\u0131rsat\u0131 [&hellip;]<\/p>\n","protected":false},"author":1,"featured_media":126,"comment_status":"open","ping_status":"open","sticky":false,"template":"","format":"standard","meta":{"footnotes":""},"categories":[1],"tags":[],"class_list":["post-125","post","type-post","status-publish","format-standard","has-post-thumbnail","hentry","category-blog"],"blocksy_meta":[],"_links":{"self":[{"href":"https:\/\/busrauzehan.com\/blog\/wp-json\/wp\/v2\/posts\/125","targetHints":{"allow":["GET"]}}],"collection":[{"href":"https:\/\/busrauzehan.com\/blog\/wp-json\/wp\/v2\/posts"}],"about":[{"href":"https:\/\/busrauzehan.com\/blog\/wp-json\/wp\/v2\/types\/post"}],"author":[{"embeddable":true,"href":"https:\/\/busrauzehan.com\/blog\/wp-json\/wp\/v2\/users\/1"}],"replies":[{"embeddable":true,"href":"https:\/\/busrauzehan.com\/blog\/wp-json\/wp\/v2\/comments?post=125"}],"version-history":[{"count":1,"href":"https:\/\/busrauzehan.com\/blog\/wp-json\/wp\/v2\/posts\/125\/revisions"}],"predecessor-version":[{"id":127,"href":"https:\/\/busrauzehan.com\/blog\/wp-json\/wp\/v2\/posts\/125\/revisions\/127"}],"wp:featuredmedia":[{"embeddable":true,"href":"https:\/\/busrauzehan.com\/blog\/wp-json\/wp\/v2\/media\/126"}],"wp:attachment":[{"href":"https:\/\/busrauzehan.com\/blog\/wp-json\/wp\/v2\/media?parent=125"}],"wp:term":[{"taxonomy":"category","embeddable":true,"href":"https:\/\/busrauzehan.com\/blog\/wp-json\/wp\/v2\/categories?post=125"},{"taxonomy":"post_tag","embeddable":true,"href":"https:\/\/busrauzehan.com\/blog\/wp-json\/wp\/v2\/tags?post=125"}],"curies":[{"name":"wp","href":"https:\/\/api.w.org\/{rel}","templated":true}]}}