{"id":116,"date":"2026-08-28T13:18:50","date_gmt":"2026-08-28T13:18:50","guid":{"rendered":"https:\/\/busrauzehan.com\/blog\/?p=116"},"modified":"2026-08-28T13:18:51","modified_gmt":"2026-08-28T13:18:51","slug":"bayram-birlik-hafiza-varolus","status":"publish","type":"post","link":"https:\/\/busrauzehan.com\/blog\/bayram-birlik-hafiza-varolus\/","title":{"rendered":"Bayram: Birlik, Haf\u0131za, Varolu\u015f"},"content":{"rendered":"\n<p>Takvimler bir kez daha bize durmay\u0131, hat\u0131rlamay\u0131 ve hat\u0131rlatmay\u0131 \u00f6neriyor. Bayramlar, sadece bireysel sevin\u00e7lerin de\u011fil; toplumsal haf\u0131zan\u0131n da en g\u00f6r\u00fcn\u00fcr oldu\u011fu zamanlard\u0131r. \u00c7\u00fcnk\u00fc bayram dedi\u011fimiz \u015fey, asl\u0131nda bir milletin kendine \u201cbiz h\u00e2l\u00e2 buraday\u0131z\u201d deme bi\u00e7imidir. K\u0131br\u0131s T\u00fcrk halk\u0131 i\u00e7in ise bu c\u00fcmle, s\u0131radan bir temenniden \u00e7ok daha fazlas\u0131n\u0131 ifade eder.<\/p>\n\n\n\n<p>Bug\u00fcn bayram\u0131 konu\u015furken sadece sofralar\u0131, ziyaretleri ya da gelenekleri de\u011fil; ayn\u0131 zamanda varolu\u015fumuzu da konu\u015fmak zorunday\u0131z. Y\u0131llard\u0131r uluslararas\u0131 sistemin i\u00e7inde g\u00f6r\u00fcnmez k\u0131l\u0131nmaya \u00e7al\u0131\u015f\u0131lan bir halk olarak, bayram bizim i\u00e7in sadece bir k\u00fclt\u00fcrel rit\u00fcel de\u011fil, ayn\u0131 zamanda bir duru\u015f bi\u00e7imidir. \u00c7\u00fcnk\u00fc bayram, hat\u0131rlamakt\u0131r: ge\u00e7mi\u015fi, verilen m\u00fccadeleyi ve bu topraklarda \u00f6denen bedelleri\u2026<\/p>\n\n\n\n<p>Ama belki de daha \u00f6nemlisi, bayram hat\u0131rlatmakt\u0131r. D\u00fcnyaya, b\u00f6lgeye ve hatta zaman zaman kendimize\u2026 K\u0131br\u0131s T\u00fcrk halk\u0131n\u0131n sadece bir \u201ctoplum\u201d de\u011fil, iradesi, kimli\u011fi ve egemenlik talebi olan bir siyasi \u00f6zne oldu\u011funu hat\u0131rlatmak. Bu y\u00fczden bayram, sadece i\u00e7e d\u00f6n\u00fck bir huzur de\u011fil; d\u0131\u015fa d\u00f6n\u00fck bir mesajd\u0131r ayn\u0131 zamanda.<\/p>\n\n\n\n<p>Bu bayramda dile\u011fimiz elbette sa\u011fl\u0131k, huzur ve birliktir. Ama ger\u00e7ek\u00e7i olal\u0131m: bu co\u011frafyada huzur, ancak g\u00fc\u00e7le; birlik ise ancak bilin\u00e7le korunur. O y\u00fczden belki de bu bayram\u0131n en anlaml\u0131 duas\u0131 \u015fudur: Haf\u0131zam\u0131z\u0131 kaybetmeden, umudumuzu t\u00fcketmeden yolumuza devam edebilmek.<\/p>\n\n\n\n<p>Bu duygu ve d\u00fc\u015f\u00fcncelerle, k\u00f6kl\u00fc tarihimizin, milli ve manevi de\u011ferlerin \u0131\u015f\u0131\u011f\u0131nda; herkesin bayram\u0131n\u0131 en i\u00e7ten dileklerimle kutlar\u0131m. Birli\u011fimizin, dirli\u011fimizin ve adadaki varl\u0131\u011f\u0131m\u0131z\u0131n ebedi olmas\u0131 temennisiyle&#8230;<\/p>\n\n\n\n<p><\/p>\n","protected":false},"excerpt":{"rendered":"<p>Takvimler bir kez daha bize durmay\u0131, hat\u0131rlamay\u0131 ve hat\u0131rlatmay\u0131 \u00f6neriyor. Bayramlar, sadece bireysel sevin\u00e7lerin de\u011fil; toplumsal haf\u0131zan\u0131n da en g\u00f6r\u00fcn\u00fcr oldu\u011fu zamanlard\u0131r. \u00c7\u00fcnk\u00fc bayram dedi\u011fimiz \u015fey, asl\u0131nda bir milletin kendine \u201cbiz h\u00e2l\u00e2 buraday\u0131z\u201d deme bi\u00e7imidir. K\u0131br\u0131s T\u00fcrk halk\u0131 i\u00e7in ise bu c\u00fcmle, s\u0131radan bir temenniden \u00e7ok daha fazlas\u0131n\u0131 ifade eder. Bug\u00fcn bayram\u0131 konu\u015furken sadece sofralar\u0131, [&hellip;]<\/p>\n","protected":false},"author":1,"featured_media":117,"comment_status":"open","ping_status":"open","sticky":false,"template":"","format":"standard","meta":{"footnotes":""},"categories":[1],"tags":[],"class_list":["post-116","post","type-post","status-publish","format-standard","has-post-thumbnail","hentry","category-blog"],"blocksy_meta":[],"_links":{"self":[{"href":"https:\/\/busrauzehan.com\/blog\/wp-json\/wp\/v2\/posts\/116","targetHints":{"allow":["GET"]}}],"collection":[{"href":"https:\/\/busrauzehan.com\/blog\/wp-json\/wp\/v2\/posts"}],"about":[{"href":"https:\/\/busrauzehan.com\/blog\/wp-json\/wp\/v2\/types\/post"}],"author":[{"embeddable":true,"href":"https:\/\/busrauzehan.com\/blog\/wp-json\/wp\/v2\/users\/1"}],"replies":[{"embeddable":true,"href":"https:\/\/busrauzehan.com\/blog\/wp-json\/wp\/v2\/comments?post=116"}],"version-history":[{"count":1,"href":"https:\/\/busrauzehan.com\/blog\/wp-json\/wp\/v2\/posts\/116\/revisions"}],"predecessor-version":[{"id":118,"href":"https:\/\/busrauzehan.com\/blog\/wp-json\/wp\/v2\/posts\/116\/revisions\/118"}],"wp:featuredmedia":[{"embeddable":true,"href":"https:\/\/busrauzehan.com\/blog\/wp-json\/wp\/v2\/media\/117"}],"wp:attachment":[{"href":"https:\/\/busrauzehan.com\/blog\/wp-json\/wp\/v2\/media?parent=116"}],"wp:term":[{"taxonomy":"category","embeddable":true,"href":"https:\/\/busrauzehan.com\/blog\/wp-json\/wp\/v2\/categories?post=116"},{"taxonomy":"post_tag","embeddable":true,"href":"https:\/\/busrauzehan.com\/blog\/wp-json\/wp\/v2\/tags?post=116"}],"curies":[{"name":"wp","href":"https:\/\/api.w.org\/{rel}","templated":true}]}}