{"id":113,"date":"2026-08-28T13:14:32","date_gmt":"2026-08-28T13:14:32","guid":{"rendered":"https:\/\/busrauzehan.com\/blog\/?p=113"},"modified":"2026-08-28T13:14:32","modified_gmt":"2026-08-28T13:14:32","slug":"limanimiz-turkiye-sozumuz-durustluk","status":"publish","type":"post","link":"https:\/\/busrauzehan.com\/blog\/limanimiz-turkiye-sozumuz-durustluk\/","title":{"rendered":"L\u0130MANIMIZ T\u00dcRK\u0130YE, S\u00d6Z\u00dcM\u00dcZ D\u00dcR\u00dcSTL\u00dcK"},"content":{"rendered":"\n<p>Y\u0131llard\u0131r hem akademik k\u00fcrs\u00fclerde hem de bu k\u00f6\u015fede K\u0131br\u0131s meselesinin d\u00fc\u011f\u00fcm noktalar\u0131n\u0131, tarihsel ve hukuki ger\u00e7ekler \u0131\u015f\u0131\u011f\u0131nda analiz etmeye \u00e7al\u0131\u015f\u0131yorum. Bu s\u00fcre\u00e7te federal \u00e7\u00f6z\u00fcm tezlerinin, iyi niyetli temennilerden \u00f6teye ge\u00e7emedi\u011fini, masada harcanan onlarca y\u0131l\u0131n ard\u0131ndan bu teze olan inanc\u0131m\u0131n azald\u0131\u011f\u0131n\u0131 her f\u0131rsatta a\u00e7\u0131k y\u00fcreklilikle dile getirdim. \u00c7\u00fcnk\u00fc Do\u011fu Akdeniz\u2019in sert jeopolitik ger\u00e7ekli\u011fi ve adadaki g\u00fc\u00e7 asimetrisi, duygusal yakla\u015f\u0131mlar\u0131 her seferinde ac\u0131 bir \u015fekilde cezaland\u0131rm\u0131\u015ft\u0131r.<\/p>\n\n\n\n<p>Ancak bug\u00fcn, federal \u00e7\u00f6z\u00fcm modelinin en kararl\u0131, en yo\u011fun savunucular\u0131ndan biri olan KKTC\u2019nin 4. Cumhurba\u015fkan\u0131 Say\u0131n Mustafa Ak\u0131nc\u0131\u2019n\u0131n tarihi bir a\u00e7\u0131klamas\u0131n\u0131, ar\u015fivlerin tozlu raflar\u0131ndan bug\u00fcne ta\u015f\u0131nan bir hakikati konu\u015fmak gerekiyor. Kendisini ge\u00e7mi\u015fte \u00e7al\u0131\u015ft\u0131\u011f\u0131m \u00fcniversitede a\u011f\u0131rlama \u015ferefine nail oldu\u011fum, davetimi k\u0131rmayarak nezaketle gelen Say\u0131n Ak\u0131nc\u0131\u2019n\u0131n insani yap\u0131s\u0131n\u0131n m\u00fckemmelli\u011fine, devlet adam\u0131 sayg\u0131nl\u0131\u011f\u0131na bizzat \u015fahitlik etmi\u015f bir akademisyenim. Siyasi vizyonlar\u0131m\u0131z federal tez noktas\u0131nda ayr\u0131\u015fsa da, onun liderlik eti\u011findeki o muazzam \u00f6zellik bug\u00fcn bile K\u0131br\u0131s T\u00fcrk\u00fcn\u00fcn karakterini \u00f6zetler niteliktedir: D\u00fcr\u00fcstl\u00fck.<\/p>\n\n\n\n<p>\u0130\u015fte o d\u00fcr\u00fcstl\u00fck, &#8220;tarihkibris&#8221; sayfas\u0131n\u0131n payla\u015ft\u0131\u011f\u0131 Say\u0131n KKTC 4. Cumhurba\u015fkan\u0131 Mustafa Ak\u0131nc\u0131\u2019n\u0131n yeniden \u00f6n\u00fcm\u00fcze d\u00fc\u015fen \u015fu tarihi c\u00fcmlelerinde sakl\u0131: \u201cS\u0131\u011f\u0131nacak tek liman var, o da T\u00fcrkiye\u2019dir&#8230; K\u0131br\u0131sl\u0131 T\u00fcrk&#8217;\u00fcn patatesini alan bir Rum t\u00fcccar\u0131n Rumlar taraf\u0131ndan tehdit edildi\u011fini, i\u015f yerinin yak\u0131lmak istendi\u011fini g\u00f6r\u00fcyoruz. B\u00fct\u00fcn bunlar bu g\u00fcnlerde ya\u015fan\u0131yor. Dolay\u0131s\u0131yla kimse bize bu konuda garantiye g\u00fcvenceye ihtiyac\u0131n\u0131z yoktur demesin.&#8221;<\/p>\n\n\n\n<p>K\u0131br\u0131s T\u00fcrk halk\u0131, uluslararas\u0131 arenada ve sosyal ortamlarda her zaman d\u00fcr\u00fcstl\u00fc\u011f\u00fc, bar\u0131\u015f\u00e7\u0131l niyetleri ve samimiyetiyle \u00f6ne \u00e7\u0131km\u0131\u015f bir millettir. Ak\u0131nc\u0131 da bu halk\u0131n yeti\u015ftirdi\u011fi, inand\u0131\u011f\u0131 tezi sonuna kadar savunan ama ger\u00e7ekleri g\u00f6recek kadar da d\u00fcr\u00fcst olan bir liderdir.<\/p>\n\n\n\n<p>\u00d6zellikle Crans-Montana m\u00fczakere s\u00fcrecinde Rum liderli\u011finin maksimalist talepleri, &#8220;s\u0131f\u0131r asker, s\u0131f\u0131r garanti&#8221; dayatmalar\u0131 kar\u015f\u0131s\u0131nda, Ak\u0131nc\u0131 gibi bir liderin bile T\u00fcrkiye\u2019nin garant\u00f6rl\u00fc\u011f\u00fcn\u00fcn hayatiyetini bu denli sert ve net bir dille savunmas\u0131, adadaki g\u00fcvenlik paradoksunun en somut kan\u0131t\u0131d\u0131r. Avrupa Birli\u011fi \u00e7at\u0131s\u0131 alt\u0131na girmeyi bir &#8220;rahatl\u0131k&#8221; ve g\u00fcvenlik ill\u00fczyonu olarak g\u00f6renlere, bizzat federasyonun mimarl\u0131\u011f\u0131n\u0131 \u00fcstlenmi\u015f bir lider &#8220;Kusura bakmas\u0131nlar, \u00f6yle ya\u011fma yok&#8221; demi\u015ftir. \u00c7\u00fcnk\u00fc uluslararas\u0131 sistemde belirleyici olan yaln\u0131zca tan\u0131nma de\u011fil, g\u00fcvenlik \u00fcretebilme kapasitesidir; g\u00fc\u00e7, \u00e7o\u011fu zaman hukuki stat\u00fcden de\u011fil, fiili g\u00fcvenlikten do\u011far.<\/p>\n\n\n\n<p>Bu itiraf, sadece ge\u00e7mi\u015fe ait bir anekdot de\u011fildir; bug\u00fcn\u00fcn Do\u011fu Akdeniz politikas\u0131nda, Mavi Vatan\u2019daki hak ve menfaatlerimizde ne kadar hakl\u0131 oldu\u011fumuzun en b\u00fcy\u00fck dayana\u011f\u0131d\u0131r. E\u011fer \u00e7\u00f6z\u00fcm\u00fcn en b\u00fcy\u00fck savunucusu bile &#8220;T\u00fcrkiye\u2019siz bir gelecek, garant\u00f6rs\u00fcz bir ya\u015fam m\u00fcmk\u00fcn de\u011fildir&#8221; diyerek s\u0131\u011f\u0131nacak tek liman\u0131 i\u015faret ediyorsa; adadaki asimetrik tehditlere kar\u015f\u0131 Ankara&#8217;n\u0131n etkin ve fiili garant\u00f6rl\u00fc\u011f\u00fc tart\u0131\u015f\u0131lamaz bir k\u0131rm\u0131z\u0131 \u00e7izgidir.<\/p>\n\n\n\n<p>K\u0131br\u0131s T\u00fcrkleri d\u00fcr\u00fcst bir millettir. Masaya her zaman iyi niyetle oturan, bar\u0131\u015f i\u00e7in emek vermi\u015f bir millettir. Ancak Say\u0131n Ak\u0131nc\u0131\u2019n\u0131n da netlikle ortaya koydu\u011fu gibi, kar\u015f\u0131 tarafta kendi soyda\u015f\u0131na bile tahamm\u00fcl\u00fc olmayan bir ambargo zihniyeti varken, anavatan T\u00fcrkiye\u2019nin g\u00fcvencesi olmadan at\u0131lacak her ad\u0131m, Ada\u2019y\u0131 f\u0131rt\u0131nal\u0131 bir denizde limans\u0131z b\u0131rakacakt\u0131r.<\/p>\n\n\n\n<p>Te\u015fekk\u00fcrler Say\u0131n Ak\u0131nc\u0131; tarihte sakl\u0131 duran bu d\u00fcr\u00fcst itiraf\u0131n\u0131zla, y\u0131llard\u0131r savundu\u011fumuz tezlerin ne kadar tarihsel bir hakikat oldu\u011funu dosta d\u00fc\u015fmana bir kez daha kan\u0131tlad\u0131\u011f\u0131n\u0131z i\u00e7in.<\/p>\n","protected":false},"excerpt":{"rendered":"<p>Y\u0131llard\u0131r hem akademik k\u00fcrs\u00fclerde hem de bu k\u00f6\u015fede K\u0131br\u0131s meselesinin d\u00fc\u011f\u00fcm noktalar\u0131n\u0131, tarihsel ve hukuki ger\u00e7ekler \u0131\u015f\u0131\u011f\u0131nda analiz etmeye \u00e7al\u0131\u015f\u0131yorum. Bu s\u00fcre\u00e7te federal \u00e7\u00f6z\u00fcm tezlerinin, iyi niyetli temennilerden \u00f6teye ge\u00e7emedi\u011fini, masada harcanan onlarca y\u0131l\u0131n ard\u0131ndan bu teze olan inanc\u0131m\u0131n azald\u0131\u011f\u0131n\u0131 her f\u0131rsatta a\u00e7\u0131k y\u00fcreklilikle dile getirdim. \u00c7\u00fcnk\u00fc Do\u011fu Akdeniz\u2019in sert jeopolitik ger\u00e7ekli\u011fi ve adadaki g\u00fc\u00e7 [&hellip;]<\/p>\n","protected":false},"author":1,"featured_media":114,"comment_status":"open","ping_status":"open","sticky":false,"template":"","format":"standard","meta":{"footnotes":""},"categories":[1],"tags":[],"class_list":["post-113","post","type-post","status-publish","format-standard","has-post-thumbnail","hentry","category-blog"],"blocksy_meta":[],"_links":{"self":[{"href":"https:\/\/busrauzehan.com\/blog\/wp-json\/wp\/v2\/posts\/113","targetHints":{"allow":["GET"]}}],"collection":[{"href":"https:\/\/busrauzehan.com\/blog\/wp-json\/wp\/v2\/posts"}],"about":[{"href":"https:\/\/busrauzehan.com\/blog\/wp-json\/wp\/v2\/types\/post"}],"author":[{"embeddable":true,"href":"https:\/\/busrauzehan.com\/blog\/wp-json\/wp\/v2\/users\/1"}],"replies":[{"embeddable":true,"href":"https:\/\/busrauzehan.com\/blog\/wp-json\/wp\/v2\/comments?post=113"}],"version-history":[{"count":1,"href":"https:\/\/busrauzehan.com\/blog\/wp-json\/wp\/v2\/posts\/113\/revisions"}],"predecessor-version":[{"id":115,"href":"https:\/\/busrauzehan.com\/blog\/wp-json\/wp\/v2\/posts\/113\/revisions\/115"}],"wp:featuredmedia":[{"embeddable":true,"href":"https:\/\/busrauzehan.com\/blog\/wp-json\/wp\/v2\/media\/114"}],"wp:attachment":[{"href":"https:\/\/busrauzehan.com\/blog\/wp-json\/wp\/v2\/media?parent=113"}],"wp:term":[{"taxonomy":"category","embeddable":true,"href":"https:\/\/busrauzehan.com\/blog\/wp-json\/wp\/v2\/categories?post=113"},{"taxonomy":"post_tag","embeddable":true,"href":"https:\/\/busrauzehan.com\/blog\/wp-json\/wp\/v2\/tags?post=113"}],"curies":[{"name":"wp","href":"https:\/\/api.w.org\/{rel}","templated":true}]}}