{"id":110,"date":"2026-08-28T13:13:07","date_gmt":"2026-08-28T13:13:07","guid":{"rendered":"https:\/\/busrauzehan.com\/blog\/?p=110"},"modified":"2026-08-28T13:13:07","modified_gmt":"2026-08-28T13:13:07","slug":"kibrista-cozum-arayisi-degil-cozumu-kimin-tanimlayacagi-mucadelesi","status":"publish","type":"post","link":"https:\/\/busrauzehan.com\/blog\/kibrista-cozum-arayisi-degil-cozumu-kimin-tanimlayacagi-mucadelesi\/","title":{"rendered":"KIBRIS\u2019TA \u00c7\u00d6Z\u00dcM ARAYI\u015eI DE\u011e\u0130L, \u00c7\u00d6Z\u00dcM\u00dc K\u0130M\u0130N TANIMLAYACA\u011eI M\u00dcCADELES\u0130"},"content":{"rendered":"\n<p>K\u0131br\u0131s meselesi bir kez daha h\u0131zlan\u0131yor gibi g\u00f6r\u00fcn\u00fcyor. Ama bu h\u0131zlanma, \u00e7\u00f6z\u00fcmden \u00e7ok konumland\u0131rma yar\u0131\u015f\u0131na i\u015faret ediyor. G\u00fcney K\u0131br\u0131s Rum Y\u00f6netimi lideri Nikos Christodoulides\u2019in \u201cy\u0131l sonuna kadar \u00e7\u00f6z\u00fcm plan\u0131 m\u00fcmk\u00fcn\u201d a\u00e7\u0131klamas\u0131, ilk bak\u0131\u015fta umut verici bir diplomatik a\u00e7\u0131l\u0131m gibi okunabilir. Ancak ayn\u0131 a\u00e7\u0131klaman\u0131n i\u00e7inde sakl\u0131 olan kritik ifade, meselenin y\u00f6n\u00fcn\u00fc net bi\u00e7imde ortaya koyuyor: \u201cCrans-Montana\u2019da kald\u0131\u011f\u0131 yerden devam.\u201d Bu c\u00fcmle, asl\u0131nda bir \u00e7\u00f6z\u00fcm \u00f6nerisi de\u011fil; m\u00fczakere \u00e7er\u00e7evesinin tek tarafl\u0131 yeniden dayat\u0131lmas\u0131d\u0131r.<\/p>\n\n\n\n<p>Rum eski D\u0131\u015fi\u015fleri Bakan\u0131 Erato Kozakou Marcoullis\u2019in \u201cen iyi f\u0131rsat\u0131 ka\u00e7\u0131rd\u0131k\u201d a\u00e7\u0131klamas\u0131 da ayn\u0131 hatt\u0131n devam\u0131d\u0131r. Bu s\u00f6ylem, uluslararas\u0131 kamuoyuna \u015fu mesaj\u0131 verir: \u201c\u00c7\u00f6z\u00fcm m\u00fcmk\u00fcnd\u00fc, engellendi ve \u015fimdi yeniden denenmeli.\u201d Ancak burada kritik bir k\u0131r\u0131lma noktas\u0131 g\u00f6rmezden geliniyor: Crans-Montana s\u00fcreci, yaln\u0131zca bir \u201cka\u00e7\u0131r\u0131lm\u0131\u015f f\u0131rsat\u201d de\u011fil, ayn\u0131 zamanda taraflar aras\u0131ndaki g\u00fcven krizinin zirve noktas\u0131d\u0131r. Daha da \u00f6nemlisi, bu s\u00fcre\u00e7ten sonra uluslararas\u0131 sistemde \u015fu ger\u00e7ek daha g\u00f6r\u00fcn\u00fcr hale gelmi\u015ftir: Tan\u0131nma asimetrisi, m\u00fczakere masas\u0131nda e\u015fitlik \u00fcretmez. Bu nedenle bug\u00fcn yeniden ayn\u0131 parametrelerle masaya d\u00f6nmek, \u00e7\u00f6z\u00fcm \u00fcretmekten \u00e7ok, mevcut g\u00fc\u00e7 dengesini kurumsalla\u015ft\u0131rma riskini ta\u015f\u0131r.<\/p>\n\n\n\n<p>Rum siyasetinde dikkat \u00e7eken bir di\u011fer unsur ise s\u00f6ylemin tonundaki de\u011fi\u015fimdir.<br>Ma\u011fusa \u00fczerinden kurulan \u201cortak gelecek\u201d, \u201cbirlikte yeniden do\u011fu\u015f\u201d gibi ifadeler, klasik sert g\u00fcvenlik dilinin yerini daha yumu\u015fak bir anlat\u0131ya b\u0131rakt\u0131\u011f\u0131n\u0131 g\u00f6steriyor. Bu s\u00f6ylem, \u00f6zellikle uluslararas\u0131 kamuoyunda g\u00fc\u00e7l\u00fc bir etki yarat\u0131r. \u00c7\u00fcnk\u00fc art\u0131k mesele, siyasi bir ihtilaftan \u00e7ok<br>insani ve ortak ya\u015fam projesi olarak sunulmaktad\u0131r. Ancak burada da kritik bir soru ortaya \u00e7\u0131k\u0131yor:E\u011fer ger\u00e7ekten ortak bir gelecek hedefleniyorsa, neden bu gelecek h\u00e2l\u00e2 tek egemenlik, tek uluslararas\u0131 kimlik ve tek temsil \u00fczerine kuruluyor? Bu \u00e7eli\u015fki, asl\u0131nda yeni s\u00f6ylemin eski stratejiyi \u00f6rtt\u00fc\u011f\u00fcn\u00fc g\u00f6sterir. Christodoulides\u2019in \u201csessiz diplomasi\u201d vurgusu ve BM Genel Sekreteri Ant\u00f3nio Guterres-T\u00fcrkiye Cumhuriyeti Cumhurba\u015fkan\u0131 Recep Tayyip Erdo\u011fan g\u00f6r\u00fc\u015fmesine yapt\u0131\u011f\u0131 at\u0131f, s\u00fcrecin yaln\u0131zca Lefko\u015fa\u2019da de\u011fil, Ankara\u2013BM\u2013Br\u00fcksel \u00fc\u00e7geninde \u015fekillendi\u011fini ortaya koyuyor.<\/p>\n\n\n\n<p>Bu noktada Rum taraf\u0131n\u0131n temel hedefi nettir:<\/p>\n\n\n\n<ul class=\"wp-block-list\">\n<li>S\u00fcreci h\u0131zland\u0131rmak<\/li>\n\n\n\n<li>Uluslararas\u0131 me\u015fruiyet avantaj\u0131n\u0131 kullanmak<\/li>\n\n\n\n<li>Ve T\u00fcrkiye\u2019yi yeniden m\u00fczakere zeminine \u00e7ekmek<\/li>\n<\/ul>\n\n\n\n<p>Ancak burada g\u00f6zden ka\u00e7\u0131r\u0131lan kritik bir de\u011fi\u015fken var: 2020 sonras\u0131 s\u00fcre\u00e7te K\u0131br\u0131s T\u00fcrk taraf\u0131, ilk kez bu kadar a\u00e7\u0131k bi\u00e7imde egemen e\u015fitlik ve iki devletli \u00e7\u00f6z\u00fcm tezini masaya koymu\u015ftur. Bu, m\u00fczakere zeminini k\u00f6kten de\u011fi\u015ftiren bir k\u0131r\u0131lmad\u0131r. Bug\u00fcn ortaya \u00e7\u0131kan tabloyu tek bir soruyla \u00f6zetlemek m\u00fcmk\u00fcn: Bu s\u00fcre\u00e7 ger\u00e7ekten yeni bir \u00e7\u00f6z\u00fcm aray\u0131\u015f\u0131 m\u0131, yoksa eski \u00e7\u00f6z\u00fcm modelinin yeni ara\u00e7larla yeniden kabul ettirilmesi mi?<\/p>\n\n\n\n<p>\u00c7\u00fcnk\u00fc mevcut dinamikler \u015funu g\u00f6steriyor:<\/p>\n\n\n\n<ul class=\"wp-block-list\">\n<li>Rum taraf\u0131 s\u00fcreci h\u0131zland\u0131rmak istiyor<\/li>\n\n\n\n<li>Uluslararas\u0131 akt\u00f6rler \u201c\u00e7\u00f6z\u00fcm\u201d g\u00f6r\u00fcnt\u00fcs\u00fc ar\u0131yor<\/li>\n\n\n\n<li>Ancak yap\u0131sal e\u015fitsizlikler oldu\u011fu gibi duruyor<\/li>\n<\/ul>\n\n\n\n<p>Bu da bizi ka\u00e7\u0131n\u0131lmaz bir sonuca g\u00f6t\u00fcr\u00fcyor: K\u0131br\u0131s\u2019ta m\u00fczakere s\u00fcreci yeniden ba\u015flayabilir. Ama bu, \u00e7\u00f6z\u00fcm\u00fcn yakla\u015ft\u0131\u011f\u0131 anlam\u0131na gelmez. Aksine, yeni bir stat\u00fckonun in\u015fa edilme ihtimali daha y\u00fcksektir.<\/p>\n\n\n\n<p>\u00d6n\u00fcm\u00fczdeki s\u00fcre\u00e7te \u00fc\u00e7 senaryo \u00f6ne \u00e7\u0131k\u0131yor:<\/p>\n\n\n\n<ol start=\"1\" class=\"wp-block-list\">\n<li>Kontroll\u00fc M\u00fczakere S\u00fcreci G\u00f6r\u00fc\u015fmeler ba\u015flar, ancak sonu\u00e7 al\u0131namaz. Uluslararas\u0131 sistem \u201c\u00e7aba g\u00f6sterildi\u201d diyerek s\u00fcreci dondurur.<\/li>\n\n\n\n<li>Federasyon Modelinin Revizyonu Eski model k\u00fc\u00e7\u00fck de\u011fi\u015fikliklerle yeniden sunulur. Ancak sahadaki siyasi ger\u00e7eklik buna diren\u00e7 g\u00f6sterir.<\/li>\n\n\n\n<li>Yeni Paradigma Tart\u0131\u015fmas\u0131 (En Kritik Senaryo) Egemen e\u015fitlik, tan\u0131nma ve \u00e7oklu temsil gibi konular ilk kez ciddi bi\u00e7imde tart\u0131\u015f\u0131lmaya ba\u015flan\u0131r. Bu, K\u0131br\u0131s meselesinde ger\u00e7ek k\u0131r\u0131lma noktas\u0131 olabilir.<\/li>\n<\/ol>\n\n\n\n<p>K\u0131br\u0131s\u2019ta bug\u00fcn ya\u015fananlar bir \u201c\u00e7\u00f6z\u00fcm s\u00fcreci\u201d de\u011fil, \u00e7\u00f6z\u00fcm\u00fcn nas\u0131l tan\u0131mlanaca\u011f\u0131na dair bir m\u00fccadeledir. Ve bu m\u00fccadelede belirleyici olan art\u0131k yaln\u0131zca masa de\u011fil;<br>uluslararas\u0131 alg\u0131, s\u00f6ylem ve me\u015fruiyet \u00fcretimidir. Bu nedenle as\u0131l mesele \u015fudur: K\u0131br\u0131s\u2019ta kim \u00e7\u00f6z\u00fcm\u00fc istiyor sorusu de\u011fil, kimin \u00e7\u00f6z\u00fcm\u00fc, hangi \u015fartlarla tan\u0131mlad\u0131\u011f\u0131d\u0131r.<\/p>\n","protected":false},"excerpt":{"rendered":"<p>K\u0131br\u0131s meselesi bir kez daha h\u0131zlan\u0131yor gibi g\u00f6r\u00fcn\u00fcyor. Ama bu h\u0131zlanma, \u00e7\u00f6z\u00fcmden \u00e7ok konumland\u0131rma yar\u0131\u015f\u0131na i\u015faret ediyor. G\u00fcney K\u0131br\u0131s Rum Y\u00f6netimi lideri Nikos Christodoulides\u2019in \u201cy\u0131l sonuna kadar \u00e7\u00f6z\u00fcm plan\u0131 m\u00fcmk\u00fcn\u201d a\u00e7\u0131klamas\u0131, ilk bak\u0131\u015fta umut verici bir diplomatik a\u00e7\u0131l\u0131m gibi okunabilir. Ancak ayn\u0131 a\u00e7\u0131klaman\u0131n i\u00e7inde sakl\u0131 olan kritik ifade, meselenin y\u00f6n\u00fcn\u00fc net bi\u00e7imde ortaya koyuyor: \u201cCrans-Montana\u2019da [&hellip;]<\/p>\n","protected":false},"author":1,"featured_media":111,"comment_status":"open","ping_status":"open","sticky":false,"template":"","format":"standard","meta":{"footnotes":""},"categories":[1],"tags":[],"class_list":["post-110","post","type-post","status-publish","format-standard","has-post-thumbnail","hentry","category-blog"],"blocksy_meta":[],"_links":{"self":[{"href":"https:\/\/busrauzehan.com\/blog\/wp-json\/wp\/v2\/posts\/110","targetHints":{"allow":["GET"]}}],"collection":[{"href":"https:\/\/busrauzehan.com\/blog\/wp-json\/wp\/v2\/posts"}],"about":[{"href":"https:\/\/busrauzehan.com\/blog\/wp-json\/wp\/v2\/types\/post"}],"author":[{"embeddable":true,"href":"https:\/\/busrauzehan.com\/blog\/wp-json\/wp\/v2\/users\/1"}],"replies":[{"embeddable":true,"href":"https:\/\/busrauzehan.com\/blog\/wp-json\/wp\/v2\/comments?post=110"}],"version-history":[{"count":1,"href":"https:\/\/busrauzehan.com\/blog\/wp-json\/wp\/v2\/posts\/110\/revisions"}],"predecessor-version":[{"id":112,"href":"https:\/\/busrauzehan.com\/blog\/wp-json\/wp\/v2\/posts\/110\/revisions\/112"}],"wp:featuredmedia":[{"embeddable":true,"href":"https:\/\/busrauzehan.com\/blog\/wp-json\/wp\/v2\/media\/111"}],"wp:attachment":[{"href":"https:\/\/busrauzehan.com\/blog\/wp-json\/wp\/v2\/media?parent=110"}],"wp:term":[{"taxonomy":"category","embeddable":true,"href":"https:\/\/busrauzehan.com\/blog\/wp-json\/wp\/v2\/categories?post=110"},{"taxonomy":"post_tag","embeddable":true,"href":"https:\/\/busrauzehan.com\/blog\/wp-json\/wp\/v2\/tags?post=110"}],"curies":[{"name":"wp","href":"https:\/\/api.w.org\/{rel}","templated":true}]}}