{"id":107,"date":"2026-08-28T13:08:41","date_gmt":"2026-08-28T13:08:41","guid":{"rendered":"https:\/\/busrauzehan.com\/blog\/?p=107"},"modified":"2026-08-28T13:09:14","modified_gmt":"2026-08-28T13:09:14","slug":"dogu-akdenizde-dezenformasyon-kusatmasi-ve-diplomatik-mukavemet","status":"publish","type":"post","link":"https:\/\/busrauzehan.com\/blog\/dogu-akdenizde-dezenformasyon-kusatmasi-ve-diplomatik-mukavemet\/","title":{"rendered":"DO\u011eU AKDEN\u0130Z\u2019DE DEZENFORMASYON KU\u015eATMASI VE D\u0130PLOMAT\u0130K MUKAVEMET"},"content":{"rendered":"\n<p>Do\u011fu Akdeniz jeopoliti\u011fi, son d\u00f6nemde sadece askeri unsurlar\u0131n de\u011fil, dezenformasyon ve stratejik ileti\u015fim hamlelerinin de \u00e7arp\u0131\u015ft\u0131\u011f\u0131 bir rekabet alan\u0131na d\u00f6n\u00fc\u015fm\u00fc\u015ft\u00fcr. \u00d6zellikle G\u00fcney K\u0131br\u0131s bas\u0131n\u0131nda yo\u011funla\u015fan asimetrik s\u00f6ylemler, adadaki \u00e7\u00f6z\u00fcm aray\u0131\u015flar\u0131n\u0131 uluslararas\u0131 hukuk zemininden uzakla\u015ft\u0131rarak, ger\u00e7eklikten kopuk bir egemenlik in\u015fas\u0131 gayretine hizmet etmektedir.<\/p>\n\n\n\n<p>G\u00fcney K\u0131br\u0131s&#8217;\u0131n y\u00fcksek tirajl\u0131 yay\u0131n organlar\u0131ndan Phileleftheros, son analizlerinde Paris-Lefko\u015fa hatt\u0131ndaki askeri yak\u0131nla\u015fmay\u0131 b\u00f6lgedeki tek \u00e7\u00f6z\u00fcm yolu gibi takdim ederken, asl\u0131nda adadaki T\u00fcrk varl\u0131\u011f\u0131n\u0131 ve haklar\u0131n\u0131 g\u00f6rmezden gelmeyi hedefleyen bir doktrini savunmaktad\u0131r. \u00d6te yandan, radikal \u00e7izgideki yay\u0131n organlar\u0131, ELAM lideri Christos Christou\u2019nun &#8220;Kuzey\u2019de ne parlamento ne de hukuk d\u00fczeni vard\u0131r&#8221; \u015feklindeki, mevcut ger\u00e7ekli\u011fi b\u00fct\u00fcn\u00fcyle reddeden beyanlar\u0131n\u0131 man\u015fetlerine ta\u015f\u0131yarak toplumsal bir dezenformasyon s\u00fcreci y\u00fcr\u00fctmektedir. Politis gibi mecralarda ise Fransa Cumhurba\u015fkan\u0131 Macron ile y\u00fcr\u00fct\u00fclen diplomatik temaslar \u00fczerinden kurgulanan &#8220;stratejik otonomi&#8221; iddialar\u0131, b\u00f6lgedeki d\u0131\u015f m\u00fcdahaleci i\u015ftah\u0131n modern bir sunumu niteli\u011findedir.<\/p>\n\n\n\n<p>Ancak Rum bas\u0131n\u0131ndaki bu dezenformasyon ku\u015fatmas\u0131, Lefko\u015fa\u2019n\u0131n kararl\u0131 ve vakur duru\u015funa \u00e7arparak da\u011f\u0131lmaya mahk\u00fbmdur. Rum taraf\u0131n\u0131n att\u0131\u011f\u0131 her &#8220;yok sayma&#8221; ad\u0131m\u0131na kar\u015f\u0131, D\u0131\u015fi\u015fleri Bakan\u0131m\u0131z Say\u0131n Tahsin Ertu\u011frulo\u011flu\u2019nun sergiledi\u011fi proaktif diplomasi, adadaki e\u015fit stat\u00fcm\u00fcz\u00fcn en b\u00fcy\u00fck teminat\u0131d\u0131r.<\/p>\n\n\n\n<p>Say\u0131n Bakan Ertu\u011frulo\u011flu\u2019nun, \u00f6zellikle Fransa ile imzalanan ve adan\u0131n egemenlik dengelerini sarsmay\u0131 ama\u00e7layan SOFA anla\u015fmas\u0131n\u0131 &#8220;yok h\u00fckm\u00fcnde&#8221; ilan etmesi, sadece bir diplomatik kar\u015f\u0131l\u0131k de\u011fildir; bu \u00e7\u0131k\u0131\u015f, Rum taraf\u0131n\u0131n medya \u00fczerinden y\u00fcr\u00fctt\u00fc\u011f\u00fc alg\u0131 \u00e7al\u0131\u015fmalar\u0131n\u0131 h\u00fck\u00fcms\u00fcz k\u0131lan hukuki bir tespittir. Say\u0131n Bakan\u2019\u0131n, uluslararas\u0131 platformlarda &#8220;K\u0131br\u0131s T\u00fcrk halk\u0131n\u0131n onay\u0131 bulunmayan hi\u00e7bir imza bu topraklarda hukuki sonu\u00e7 do\u011furamaz&#8221; \u015feklindeki duru\u015fu, Phileleftheros\u2019un man\u015fetlerini etkisiz k\u0131lan ve Politis\u2019in analizlerini ge\u00e7ersiz k\u0131lan bir reel-politik iradedir.<\/p>\n\n\n\n<p>G\u00fcney K\u0131br\u0131s gazete k\u00fcp\u00fcrlerinde tasvir edilen kurgusal tablolar\u0131n aksine, Do\u011fu Akdeniz\u2019deki as\u0131l ger\u00e7eklik, Kuzey K\u0131br\u0131s T\u00fcrk Cumhuriyeti\u2019nin egemenlik haklar\u0131ndan ve tarihsel m\u00fcktesebat\u0131ndan taviz vermeyen stratejik duru\u015fudur. B\u00f6lgesel bar\u0131\u015f ve istikrar\u0131n tesisi, tek tarafl\u0131 dayatmalarla de\u011fil, ancak adadaki iki devletli realitenin ve K\u0131br\u0131s T\u00fcrk halk\u0131n\u0131n e\u015fit uluslararas\u0131 stat\u00fcs\u00fcn\u00fcn hukuken tescil edilmesiyle m\u00fcmk\u00fcn olacakt\u0131r.<\/p>\n","protected":false},"excerpt":{"rendered":"<p>Do\u011fu Akdeniz jeopoliti\u011fi, son d\u00f6nemde sadece askeri unsurlar\u0131n de\u011fil, dezenformasyon ve stratejik ileti\u015fim hamlelerinin de \u00e7arp\u0131\u015ft\u0131\u011f\u0131 bir rekabet alan\u0131na d\u00f6n\u00fc\u015fm\u00fc\u015ft\u00fcr. \u00d6zellikle G\u00fcney K\u0131br\u0131s bas\u0131n\u0131nda yo\u011funla\u015fan asimetrik s\u00f6ylemler, adadaki \u00e7\u00f6z\u00fcm aray\u0131\u015flar\u0131n\u0131 uluslararas\u0131 hukuk zemininden uzakla\u015ft\u0131rarak, ger\u00e7eklikten kopuk bir egemenlik in\u015fas\u0131 gayretine hizmet etmektedir. G\u00fcney K\u0131br\u0131s&#8217;\u0131n y\u00fcksek tirajl\u0131 yay\u0131n organlar\u0131ndan Phileleftheros, son analizlerinde Paris-Lefko\u015fa hatt\u0131ndaki askeri yak\u0131nla\u015fmay\u0131 [&hellip;]<\/p>\n","protected":false},"author":1,"featured_media":108,"comment_status":"open","ping_status":"open","sticky":false,"template":"","format":"standard","meta":{"footnotes":""},"categories":[1],"tags":[],"class_list":["post-107","post","type-post","status-publish","format-standard","has-post-thumbnail","hentry","category-blog"],"blocksy_meta":[],"_links":{"self":[{"href":"https:\/\/busrauzehan.com\/blog\/wp-json\/wp\/v2\/posts\/107","targetHints":{"allow":["GET"]}}],"collection":[{"href":"https:\/\/busrauzehan.com\/blog\/wp-json\/wp\/v2\/posts"}],"about":[{"href":"https:\/\/busrauzehan.com\/blog\/wp-json\/wp\/v2\/types\/post"}],"author":[{"embeddable":true,"href":"https:\/\/busrauzehan.com\/blog\/wp-json\/wp\/v2\/users\/1"}],"replies":[{"embeddable":true,"href":"https:\/\/busrauzehan.com\/blog\/wp-json\/wp\/v2\/comments?post=107"}],"version-history":[{"count":1,"href":"https:\/\/busrauzehan.com\/blog\/wp-json\/wp\/v2\/posts\/107\/revisions"}],"predecessor-version":[{"id":109,"href":"https:\/\/busrauzehan.com\/blog\/wp-json\/wp\/v2\/posts\/107\/revisions\/109"}],"wp:featuredmedia":[{"embeddable":true,"href":"https:\/\/busrauzehan.com\/blog\/wp-json\/wp\/v2\/media\/108"}],"wp:attachment":[{"href":"https:\/\/busrauzehan.com\/blog\/wp-json\/wp\/v2\/media?parent=107"}],"wp:term":[{"taxonomy":"category","embeddable":true,"href":"https:\/\/busrauzehan.com\/blog\/wp-json\/wp\/v2\/categories?post=107"},{"taxonomy":"post_tag","embeddable":true,"href":"https:\/\/busrauzehan.com\/blog\/wp-json\/wp\/v2\/tags?post=107"}],"curies":[{"name":"wp","href":"https:\/\/api.w.org\/{rel}","templated":true}]}}